{"id":660,"date":"2023-08-13T23:24:37","date_gmt":"2023-08-13T22:24:37","guid":{"rendered":"https:\/\/jardineriasabia.com\/?p=660"},"modified":"2023-08-13T23:24:39","modified_gmt":"2023-08-13T22:24:39","slug":"las-heladas-han-danado-su-adelfa-descubra-mis-consejos-para-salvarla","status":"publish","type":"post","link":"https:\/\/jardineriasabia.com\/index.php\/2023\/08\/13\/las-heladas-han-danado-su-adelfa-descubra-mis-consejos-para-salvarla\/","title":{"rendered":"\u00bfLas heladas han da\u00f1ado su adelfa? \u00a1Descubra mis consejos para salvarla!"},"content":{"rendered":"\n<p id=\"block-26eda36c-782c-4554-b7b0-13f2151355f5\">Cuando bajan las temperaturas y el fr\u00edo se intensifica, puede ocurrir que&nbsp;<strong>tu adelfa tambi\u00e9n se congele<\/strong>. Para salvarla in extremis, siga&nbsp;<strong>estos pr\u00e1cticos consejos<\/strong>.<\/p>\n\n\n\n<p id=\"block-141deca3-88f9-4a72-95f6-a72c8af041bb\">\u00bfSe te ha helado la adelfa? Que no cunda el p\u00e1nico, porque puede salvarla con algunos consejos pr\u00e1cticos. Siga&nbsp;<strong>esta peque\u00f1a gu\u00eda<\/strong>&nbsp;que le muestra qu\u00e9 hacer si una adelfa&nbsp;se ha helado.<\/p>\n\n\n\n<h2 class=\"wp-block-heading\" id=\"block-4dbef3c3-259e-4975-a5aa-6b502a9b42d0\">\u00bfC\u00f3mo saber si su adelfa ha sufrido heladas?<\/h2>\n\n\n\n<p id=\"block-92634435-d88d-434f-8d78-089da79dd4df\">Aunque la nieve no suele da\u00f1ar las plantas de jard\u00edn,&nbsp;<strong>la escarcha puede causar enormes<\/strong>&nbsp;y terribles da\u00f1os. Este es el caso de su adelfa. Para ver si est\u00e1 da\u00f1ada, eche un vistazo&nbsp;<strong>a las hojas<\/strong>.<\/p>\n\n\n\n<p id=\"block-7a538167-7189-45cc-a4f5-fb1c34b08e09\">Si est\u00e1n amarillas, ca\u00eddas y fl\u00e1cidas, es se\u00f1al de que la planta ha sufrido una helada. Sin embargo, no pierdas la esperanza, ya que s\u00f3lo las partes visibles han sido atacadas por las heladas, y las ra\u00edces pueden estar a\u00fan en buen estado.<\/p>\n\n\n\n<h2 class=\"wp-block-heading\" id=\"block-2e4fc17c-46de-468a-a413-3901593a6cf2\">\u00bfC\u00f3mo se recupera una adelfa da\u00f1ada por las heladas?<\/h2>\n\n\n\n<figure class=\"wp-block-image size-large\"><img loading=\"lazy\" decoding=\"async\" width=\"1024\" height=\"576\" src=\"https:\/\/jardineriasabia.com\/wp-content\/uploads\/2023\/08\/image-66-1024x576.png\" alt=\"\" class=\"wp-image-662\" srcset=\"https:\/\/jardineriasabia.com\/wp-content\/uploads\/2023\/08\/image-66-1024x576.png 1024w, https:\/\/jardineriasabia.com\/wp-content\/uploads\/2023\/08\/image-66-300x169.png 300w, https:\/\/jardineriasabia.com\/wp-content\/uploads\/2023\/08\/image-66-768x432.png 768w, https:\/\/jardineriasabia.com\/wp-content\/uploads\/2023\/08\/image-66.png 1200w\" sizes=\"(max-width: 1024px) 100vw, 1024px\" \/><\/figure>\n\n\n\n<p id=\"block-f0545206-9677-487f-a5cd-6922b0100a04\">He aqu\u00ed&nbsp;<strong>algunos pasos sencillos<\/strong>&nbsp;para salvar su adelfa:<\/p>\n\n\n\n<ul id=\"block-5c4eca37-f76d-40d0-9780-d92dc272df79\">\n<li>Coge unas tijeras de podar limpias y desinfectadas.<\/li>\n\n\n\n<li>Cortar los tallos afectados por las heladas a 15 cm de la base.<\/li>\n<\/ul>\n\n\n\n<p id=\"block-8df9a51d-0d8e-44e1-88a3-f322c02492ae\">Esta poda permite que crezcan nuevos tallos a partir de la primavera.<\/p>\n\n\n\n<h2 class=\"wp-block-heading\" id=\"block-b3af91d2-8458-44b5-88da-1b8dece6cee1\">\u00bfC\u00f3mo proteger la adelfa de las heladas?<\/h2>\n\n\n\n<p id=\"block-b5a80b23-8140-46dd-be95-13f199103c78\">Para evitar tener una adelfa congelada, necesita&nbsp;<strong>implementar una estrategia eficaz<\/strong>&nbsp;tan pronto como comience la estaci\u00f3n invernal y llegue el fr\u00edo intenso. Para ello, puede&nbsp;<strong>cubrir su planta con un velo de invernaci\u00f3n<\/strong>.<\/p>\n\n\n\n<p id=\"block-45eb27ae-981a-4aa9-b601-3e772ae52338\">Adem\u00e1s, si tu planta est\u00e1 en una maceta, inst\u00e1lala dentro de <strong>una habitaci\u00f3n con suficiente luz<\/strong>&nbsp;como un invernadero. No te olvides tampoco de poner mantillo alrededor de los pies de <strong>tu planta<\/strong>.<\/p>\n","protected":false},"excerpt":{"rendered":"<p>Cuando bajan las temperaturas y el fr\u00edo se intensifica, puede ocurrir que&nbsp;tu adelfa tambi\u00e9n se congele. Para salvarla in extremis, siga&nbsp;estos pr\u00e1cticos consejos. \u00bfSe te ha helado la adelfa? Que &#8230; <\/p>\n<p class=\"read-more-container\"><a title=\"\u00bfLas heladas han da\u00f1ado su adelfa? \u00a1Descubra mis consejos para salvarla!\" class=\"read-more button\" href=\"https:\/\/jardineriasabia.com\/index.php\/2023\/08\/13\/las-heladas-han-danado-su-adelfa-descubra-mis-consejos-para-salvarla\/#more-660\" aria-label=\"M\u00e1s en \u00bfLas heladas han da\u00f1ado su adelfa? \u00a1Descubra mis consejos para salvarla!\">Seguir leyendo<\/a><\/p>\n","protected":false},"author":2,"featured_media":663,"comment_status":"open","ping_status":"open","sticky":false,"template":"","format":"standard","meta":{"footnotes":""},"categories":[1],"tags":[],"_links":{"self":[{"href":"https:\/\/jardineriasabia.com\/index.php\/wp-json\/wp\/v2\/posts\/660"}],"collection":[{"href":"https:\/\/jardineriasabia.com\/index.php\/wp-json\/wp\/v2\/posts"}],"about":[{"href":"https:\/\/jardineriasabia.com\/index.php\/wp-json\/wp\/v2\/types\/post"}],"author":[{"embeddable":true,"href":"https:\/\/jardineriasabia.com\/index.php\/wp-json\/wp\/v2\/users\/2"}],"replies":[{"embeddable":true,"href":"https:\/\/jardineriasabia.com\/index.php\/wp-json\/wp\/v2\/comments?post=660"}],"version-history":[{"count":1,"href":"https:\/\/jardineriasabia.com\/index.php\/wp-json\/wp\/v2\/posts\/660\/revisions"}],"predecessor-version":[{"id":664,"href":"https:\/\/jardineriasabia.com\/index.php\/wp-json\/wp\/v2\/posts\/660\/revisions\/664"}],"wp:featuredmedia":[{"embeddable":true,"href":"https:\/\/jardineriasabia.com\/index.php\/wp-json\/wp\/v2\/media\/663"}],"wp:attachment":[{"href":"https:\/\/jardineriasabia.com\/index.php\/wp-json\/wp\/v2\/media?parent=660"}],"wp:term":[{"taxonomy":"category","embeddable":true,"href":"https:\/\/jardineriasabia.com\/index.php\/wp-json\/wp\/v2\/categories?post=660"},{"taxonomy":"post_tag","embeddable":true,"href":"https:\/\/jardineriasabia.com\/index.php\/wp-json\/wp\/v2\/tags?post=660"}],"curies":[{"name":"wp","href":"https:\/\/api.w.org\/{rel}","templated":true}]}}