{"id":773,"date":"2023-08-15T11:29:01","date_gmt":"2023-08-15T10:29:01","guid":{"rendered":"https:\/\/jardineriasabia.com\/?p=773"},"modified":"2023-08-15T11:29:03","modified_gmt":"2023-08-15T10:29:03","slug":"como-revivir-una-adelfa-danada-por-las-heladas","status":"publish","type":"post","link":"https:\/\/jardineriasabia.com\/index.php\/2023\/08\/15\/como-revivir-una-adelfa-danada-por-las-heladas\/","title":{"rendered":"\u00bfC\u00f3mo revivir una adelfa da\u00f1ada por las heladas?"},"content":{"rendered":"\n<p id=\"block-11e51668-ccca-4699-b731-2f509519a3b0\">on&nbsp;<strong>las temperaturas cayendo en picado<\/strong>, el fr\u00edo intenso puede atacar a tus plantas en el jard\u00edn en cualquier momento. Es el caso de la adelfa, que puede helarse debido al intenso fr\u00edo.<\/p>\n\n\n\n<p id=\"block-a54b11a1-1793-4228-b060-503368927172\">\u00bfHa notado en los \u00faltimos d\u00edas que su adelfa se ha visto afectada por las heladas? Que no cunda el p\u00e1nico, porque a\u00fan puedes recuperarla gracias a estos sencillos consejos que puedes poner en pr\u00e1ctica de inmediato. Descubra en este art\u00edculo&nbsp;<strong>c\u00f3mo cuidar sus plantas para que no sufran heladas este invierno<\/strong>.<\/p>\n\n\n\n<h2 class=\"wp-block-heading\" id=\"block-6ffcba90-8d6e-4085-8408-59a70ad91a61\">\u00bfC\u00f3mo reconocer una adelfa atacada por las heladas?<\/h2>\n\n\n\n<p id=\"block-e95bd468-8ba5-4922-ad56-dc502347af02\">Mientras que la nieve no puede hacer mucho da\u00f1o a las plantas de jard\u00edn, las heladas s\u00ed porque\u00a0<strong>pueden atacar a muchas plantas<\/strong>\u00a0y los da\u00f1os son sencillamente terribles. Si tienes una adelfa y quieres saber si se ha visto afectada por las heladas, tienes que empezar por\u00a0<strong>inspeccionar las hojas<\/strong>.<\/p>\n\n\n\n<figure class=\"wp-block-image size-large\"><img loading=\"lazy\" decoding=\"async\" width=\"1024\" height=\"576\" src=\"https:\/\/jardineriasabia.com\/wp-content\/uploads\/2023\/08\/image-87-1024x576.png\" alt=\"\" class=\"wp-image-775\" srcset=\"https:\/\/jardineriasabia.com\/wp-content\/uploads\/2023\/08\/image-87-1024x576.png 1024w, https:\/\/jardineriasabia.com\/wp-content\/uploads\/2023\/08\/image-87-300x169.png 300w, https:\/\/jardineriasabia.com\/wp-content\/uploads\/2023\/08\/image-87-768x432.png 768w, https:\/\/jardineriasabia.com\/wp-content\/uploads\/2023\/08\/image-87.png 1200w\" sizes=\"(max-width: 1024px) 100vw, 1024px\" \/><\/figure>\n\n\n\n<p id=\"block-1a930412-873c-4e26-8613-e188c3537976\">Cuando veas hojas amarillentas, blandas o que se desmoronan, tu planta se ha helado definitivamente. Pero no pierdas la esperanza, porque a\u00fan puedes salvarla. De hecho, es solo la superficie la que se ha visto afectada por las heladas, pero las ra\u00edces siguen en buen estado.<\/p>\n\n\n\n<h2 class=\"wp-block-heading\" id=\"block-6435adbd-c959-4dea-abcb-a0ff9cc72eb1\">\u00bfC\u00f3mo se recupera una adelfa afectada por las heladas?<\/h2>\n\n\n\n<p id=\"block-7191a321-a652-47c5-a2df-9463ddf28d9d\">Para&nbsp;<strong>salvar una adelfa que se ha helado<\/strong>, siga estos pocos pasos:<\/p>\n\n\n\n<ul id=\"block-5eb5ead2-1e4b-46a1-b870-779d532e83dc\">\n<li>Coge un par de tijeras o podaderas totalmente desinfectadas.<\/li>\n\n\n\n<li>Cortar los tallos con las hojas da\u00f1adas a 15 cm de la base.<\/li>\n\n\n\n<li>En primavera aparecer\u00e1n nuevos tallos.<\/li>\n<\/ul>\n\n\n\n<h2 class=\"wp-block-heading\" id=\"block-2ad7d8d8-e6ef-4229-bbd7-70f9259e6a42\">\u00bfQu\u00e9 puede hacer para proteger su adelfa de las heladas?<\/h2>\n\n\n\n<p id=\"block-780465de-ef34-4369-b1c3-f0f55e418997\">Para evitar que &nbsp;su planta&nbsp;sea atacada por las heladas, debe tomar precauciones en cuanto la estaci\u00f3n invernal asome la nariz. De hecho, deber\u00eda&nbsp;<strong>envolver su planta en un velo de invierno<\/strong>&nbsp;si est\u00e1 en el jard\u00edn en el suelo.<\/p>\n\n\n\n<p id=\"block-a2aea685-2f86-4ca0-bad7-d8ead3b1c250\">En cambio, si su adelfa est\u00e1 en una maceta, lo ideal es meterla en un invernadero luminoso.<\/p>\n","protected":false},"excerpt":{"rendered":"<p>on&nbsp;las temperaturas cayendo en picado, el fr\u00edo intenso puede atacar a tus plantas en el jard\u00edn en cualquier momento. Es el caso de la adelfa, que puede helarse debido al &#8230; <\/p>\n<p class=\"read-more-container\"><a title=\"\u00bfC\u00f3mo revivir una adelfa da\u00f1ada por las heladas?\" class=\"read-more button\" href=\"https:\/\/jardineriasabia.com\/index.php\/2023\/08\/15\/como-revivir-una-adelfa-danada-por-las-heladas\/#more-773\" aria-label=\"M\u00e1s en \u00bfC\u00f3mo revivir una adelfa da\u00f1ada por las heladas?\">Seguir leyendo<\/a><\/p>\n","protected":false},"author":2,"featured_media":776,"comment_status":"open","ping_status":"open","sticky":false,"template":"","format":"standard","meta":{"footnotes":""},"categories":[1],"tags":[],"_links":{"self":[{"href":"https:\/\/jardineriasabia.com\/index.php\/wp-json\/wp\/v2\/posts\/773"}],"collection":[{"href":"https:\/\/jardineriasabia.com\/index.php\/wp-json\/wp\/v2\/posts"}],"about":[{"href":"https:\/\/jardineriasabia.com\/index.php\/wp-json\/wp\/v2\/types\/post"}],"author":[{"embeddable":true,"href":"https:\/\/jardineriasabia.com\/index.php\/wp-json\/wp\/v2\/users\/2"}],"replies":[{"embeddable":true,"href":"https:\/\/jardineriasabia.com\/index.php\/wp-json\/wp\/v2\/comments?post=773"}],"version-history":[{"count":1,"href":"https:\/\/jardineriasabia.com\/index.php\/wp-json\/wp\/v2\/posts\/773\/revisions"}],"predecessor-version":[{"id":777,"href":"https:\/\/jardineriasabia.com\/index.php\/wp-json\/wp\/v2\/posts\/773\/revisions\/777"}],"wp:featuredmedia":[{"embeddable":true,"href":"https:\/\/jardineriasabia.com\/index.php\/wp-json\/wp\/v2\/media\/776"}],"wp:attachment":[{"href":"https:\/\/jardineriasabia.com\/index.php\/wp-json\/wp\/v2\/media?parent=773"}],"wp:term":[{"taxonomy":"category","embeddable":true,"href":"https:\/\/jardineriasabia.com\/index.php\/wp-json\/wp\/v2\/categories?post=773"},{"taxonomy":"post_tag","embeddable":true,"href":"https:\/\/jardineriasabia.com\/index.php\/wp-json\/wp\/v2\/tags?post=773"}],"curies":[{"name":"wp","href":"https:\/\/api.w.org\/{rel}","templated":true}]}}