{"id":945,"date":"2023-08-18T19:35:49","date_gmt":"2023-08-18T18:35:49","guid":{"rendered":"https:\/\/jardineriasabia.com\/?p=945"},"modified":"2023-08-18T19:35:52","modified_gmt":"2023-08-18T18:35:52","slug":"aqui-tienes-3-razones-por-las-que-las-hojas-de-tu-cala-pueden-volverse-amarillas","status":"publish","type":"post","link":"https:\/\/jardineriasabia.com\/index.php\/2023\/08\/18\/aqui-tienes-3-razones-por-las-que-las-hojas-de-tu-cala-pueden-volverse-amarillas\/","title":{"rendered":"Aqu\u00ed tienes 3 razones por las que las hojas de tu cala pueden volverse amarillas."},"content":{"rendered":"\n<p id=\"block-daf544ed-7dc5-44d7-86f0-be7263637148\">La&nbsp;<strong>cala de lis<\/strong>&nbsp;es una conocida planta de interior perteneciente a la familia de las ar\u00e1ceas. Se distingue de otras plantas por&nbsp;<strong>su tallo erguido, sus hojas gordas y sus flores en forma de trompeta<\/strong>. Cuando esta planta florece, contemplar\u00e1 bonitas flores de color blanco, rosa, naranja o amarillo, dependiendo de la variedad que plante.<\/p>\n\n\n\n<p id=\"block-1b80cf2a-ddd4-4ed4-ac20-0a50dce25aeb\">Por lo general, las hojas de la cala son de color verde oscuro por encima y amarillo claro por debajo, sobre todo cuando la planta no florece. Sin embargo,&nbsp;<strong>estas hojas pueden decolorarse y volverse amarillas<\/strong>. De hecho, este repentino cambio de color se debe a <strong>innumerables factores<\/strong>. Por ello, es necesario actuar con rapidez para solucionar el problema.<\/p>\n\n\n\n<h2 class=\"wp-block-heading\" id=\"block-665544e4-b4fc-4d44-9c62-dad2af4f4d5a\">Luz insuficiente<\/h2>\n\n\n\n<p id=\"block-b6c822c7-45db-4e7c-a41b-edbd04342097\">Si las hojas de su cala se est\u00e1n volviendo amarillas, es simplemente por falta de luz. De hecho, esta variedad de planta necesita luz para florecer y producir flores. Por ello, si la colocas en un rinc\u00f3n demasiado oscuro, las hojas no se desarrollar\u00e1n correctamente. Se volver\u00e1n amarillas y acabar\u00e1n por caerse.<\/p>\n\n\n\n<p id=\"block-a7a8e6b4-42eb-4739-8ec5-5c6cb635d0b9\">Para evitar este inconveniente, lo mejor es colocar tu planta en un lugar donde pueda beneficiarse de los rayos del sol durante al menos 6 horas al d\u00eda.<\/p>\n\n\n\n<h2 class=\"wp-block-heading\" id=\"block-76c2af89-339b-4f99-9b5a-7401a705c882\">Falta de agua<\/h2>\n\n\n\n<p id=\"block-d0f4b967-4043-441d-992e-d03840d33f40\">Cuando las hojas de su planta se vuelven amarillas con el paso de los d\u00edas, necesita echar un vistazo a&nbsp;<strong>su ingesta de agua<\/strong>. Esto puede deberse a una falta de agua.<\/p>\n\n\n\n<p id=\"block-b6e9b633-b8f4-44f4-a433-333e6042cb9e\">Si cultiva esta planta, tenga en cuenta que necesita riego regular, sobre todo durante los meses de verano. As\u00ed evitar\u00e1s que la tierra se seque.<\/p>\n\n\n\n<p id=\"block-61ef1471-8036-497b-a450-429f0412de4c\">Si no riega la cala, las hojas se vuelven amarillas y secas, y las flores pueden caerse.<\/p>\n\n\n\n<p id=\"block-da8ab34d-fb77-4fc1-982d-d73d4853fb2a\">Para ello, compruebe de vez en cuando el estado del suelo y&nbsp;<strong>regue inmediatamente cuando est\u00e9 seco<\/strong>.<\/p>\n\n\n\n<h2 class=\"wp-block-heading\" id=\"block-269e5a63-d75e-43ad-a1b1-9ae18b6aaaae\">Falta de fertilizaci\u00f3n<\/h2>\n\n\n\n<p id=\"block-e98a4861-6342-4064-9c21-99b8338f18db\">Cuando a su planta le faltan nutrientes, puede&nbsp;<strong>debilitarse<\/strong>&nbsp;y sus hojas se vuelven amarillas. Esto se debe a que la cala necesita todos los nutrientes esenciales para desarrollarse en las condiciones adecuadas. Estos nutrientes tambi\u00e9n ayudan a potenciar la floraci\u00f3n de la planta.<\/p>\n\n\n\n<p id=\"block-0465e678-fa48-4d5c-bd8d-3fe0831d90bf\">Si no abonas la tierra de tu cala de esta forma, se volver\u00e1 muy pobre en nutrientes. Como consecuencia, la planta no se desarrolla correctamente, lo que se manifiesta en el amarilleamiento del follaje.<\/p>\n\n\n\n<p id=\"block-336b445d-f032-4cc0-955e-3644ce7a0cf0\">La soluci\u00f3n es abonar la planta con un abono especial para plantas de flor. Basta con seguir las recomendaciones del envase.<\/p>\n","protected":false},"excerpt":{"rendered":"<p>La&nbsp;cala de lis&nbsp;es una conocida planta de interior perteneciente a la familia de las ar\u00e1ceas. Se distingue de otras plantas por&nbsp;su tallo erguido, sus hojas gordas y sus flores en &#8230; <\/p>\n<p class=\"read-more-container\"><a title=\"Aqu\u00ed tienes 3 razones por las que las hojas de tu cala pueden volverse amarillas.\" class=\"read-more button\" href=\"https:\/\/jardineriasabia.com\/index.php\/2023\/08\/18\/aqui-tienes-3-razones-por-las-que-las-hojas-de-tu-cala-pueden-volverse-amarillas\/#more-945\" aria-label=\"M\u00e1s en Aqu\u00ed tienes 3 razones por las que las hojas de tu cala pueden volverse amarillas.\">Seguir leyendo<\/a><\/p>\n","protected":false},"author":2,"featured_media":947,"comment_status":"open","ping_status":"open","sticky":false,"template":"","format":"standard","meta":{"footnotes":""},"categories":[1],"tags":[],"_links":{"self":[{"href":"https:\/\/jardineriasabia.com\/index.php\/wp-json\/wp\/v2\/posts\/945"}],"collection":[{"href":"https:\/\/jardineriasabia.com\/index.php\/wp-json\/wp\/v2\/posts"}],"about":[{"href":"https:\/\/jardineriasabia.com\/index.php\/wp-json\/wp\/v2\/types\/post"}],"author":[{"embeddable":true,"href":"https:\/\/jardineriasabia.com\/index.php\/wp-json\/wp\/v2\/users\/2"}],"replies":[{"embeddable":true,"href":"https:\/\/jardineriasabia.com\/index.php\/wp-json\/wp\/v2\/comments?post=945"}],"version-history":[{"count":1,"href":"https:\/\/jardineriasabia.com\/index.php\/wp-json\/wp\/v2\/posts\/945\/revisions"}],"predecessor-version":[{"id":948,"href":"https:\/\/jardineriasabia.com\/index.php\/wp-json\/wp\/v2\/posts\/945\/revisions\/948"}],"wp:featuredmedia":[{"embeddable":true,"href":"https:\/\/jardineriasabia.com\/index.php\/wp-json\/wp\/v2\/media\/947"}],"wp:attachment":[{"href":"https:\/\/jardineriasabia.com\/index.php\/wp-json\/wp\/v2\/media?parent=945"}],"wp:term":[{"taxonomy":"category","embeddable":true,"href":"https:\/\/jardineriasabia.com\/index.php\/wp-json\/wp\/v2\/categories?post=945"},{"taxonomy":"post_tag","embeddable":true,"href":"https:\/\/jardineriasabia.com\/index.php\/wp-json\/wp\/v2\/tags?post=945"}],"curies":[{"name":"wp","href":"https:\/\/api.w.org\/{rel}","templated":true}]}}